{"id":8848,"date":"2021-07-08T14:50:44","date_gmt":"2021-07-08T11:50:44","guid":{"rendered":"http:\/\/chateauegitim.com\/?p=8848"},"modified":"2021-07-08T14:50:44","modified_gmt":"2021-07-08T11:50:44","slug":"saint-benoit-fransiz-lisesi-2019-2020-taban-puani-kontenjan-bilgisi-ve-ogrenim-ucretleri-2","status":"publish","type":"post","link":"https:\/\/chateauegitim.com\/fr\/saint-benoit-fransiz-lisesi-2019-2020-taban-puani-kontenjan-bilgisi-ve-ogrenim-ucretleri-2\/","title":{"rendered":"Lyc\u00e9e Fran\u00e7ais Saint Benoit 2019-2020 Score de base, informations sur les quotas et frais de scolarit\u00e9"},"content":{"rendered":"<p><a href=\"https:\/\/www.sb.k12.tr\/\" target=\"_blank\" rel=\"noreferrer noopener\">Lyc\u00e9e Fran\u00e7ais Saint Benoit<\/a>; Elle a \u00e9t\u00e9 fond\u00e9e en 1783 dans la rue Karak\u00f6y Kemeralt\u0131, du c\u00f4t\u00e9 rum\u00e9lien du Bosphore. Saint Beno\u00eet, l&#039;un des \u00e9tablissements d&#039;enseignement les plus anciens de Turquie, est \u00e9galement l&#039;un des \u00e9tablissements catholiques latins les plus \u00e9tablis d&#039;Istanbul. Bien que 1783 soit la date officielle de fondation du lyc\u00e9e Saint-Benoit, l&#039;histoire de l&#039;\u00e9tablissement commence en r\u00e9alit\u00e9 en 1362, lorsque Galata \u00e9tait encore une colonie g\u00e9noise.<\/p>\n\n\n\n<p>D&#039;autres lyc\u00e9es et \u00e9coles priv\u00e9es fran\u00e7aises acceptent les lyc\u00e9ens en fonction de leurs r\u00e9sultats au High School Transition Examination (LGS), l&#039;examen central organis\u00e9 par le minist\u00e8re de l&#039;\u00c9ducation nationale (MEB).<\/p>\n\n\n\n<h2 class=\"wp-block-heading\">COMBIEN D&#039;ANN\u00c9ES DURE LA P\u00c9RIODE D&#039;\u00c9DUCATION ?<\/h2>\n\n\n\n<p>L&#039;\u00e9tablissement, qui dispense au total 5 ann\u00e9es d&#039;enseignement, dont 1 ann\u00e9e de classe pr\u00e9paratoire enti\u00e8rement consacr\u00e9e \u00e0 l&#039;enseignement de base fran\u00e7ais, a le statut de lyc\u00e9e priv\u00e9 \u00e9tranger. Il est possible d&#039;apprendre l&#039;anglais et d&#039;autres langues et cultures \u00e0 l&#039;\u00e9cole, qui dispense principalement un enseignement en fran\u00e7ais.<\/p>\n\n\n\n<h2 class=\"wp-block-heading\">ST. QUEL EST LE SCORE DE BASE DU LYC\u00c9E FRAN\u00c7AIS BENOIT ?<\/h2>\n\n\n\n<p>Score de base pour la 1\u00e8re p\u00e9riode de pr\u00e9-inscription pour l&#039;ann\u00e9e universitaire 2020-2021\u00a0: 439 000.<\/p>\n\n\n\n<h2 class=\"wp-block-heading\">ST. QUEL EST LE QUOTA DU LYC\u00c9E FRAN\u00c7AIS BENOIT ?<\/h2>\n\n\n\n<p>Le quota de l&#039;\u00e9cole, qui \u00e9tait de 156 l&#039;ann\u00e9e derni\u00e8re, a augment\u00e9 de 20 personnes et a atteint 176 cette ann\u00e9e.<\/p>\n\n\n\n<h2 class=\"wp-block-heading\">QUELS SONT LES FRAIS DE SCOLARIT\u00c9 DU LYC\u00c9E FRAN\u00c7AIS SAINT-BENOIT ?<\/h2>\n\n\n\n<p>68 802,78 + 5 504,22 TL (TVA %8) = 74 307,00 TL<\/p>","protected":false},"excerpt":{"rendered":"<p>Lyc\u00e9e Fran\u00e7ais Saint Benoit ; Elle a \u00e9t\u00e9 fond\u00e9e en 1783 dans la rue Karak\u00f6y Kemeralt\u0131, du c\u00f4t\u00e9 rum\u00e9lien du Bosphore. [\u2026]<\/p>","protected":false},"author":1,"featured_media":0,"comment_status":"closed","ping_status":"open","sticky":false,"template":"","format":"standard","meta":{"footnotes":""},"categories":[79],"tags":[],"class_list":["post-8848","post","type-post","status-publish","format-standard","hentry","category-ogrenim-ucretleri"],"yoast_head":"<!-- This site is optimized with the Yoast SEO plugin v15.5 - https:\/\/yoast.com\/wordpress\/plugins\/seo\/ -->\n<title>Saint Benoit Frans\u0131z Lisesi 2019-2020 Taban Puan\u0131, Kontenjan Bilgisi ve \u00d6\u011frenim \u00dccretleri | Chateau E\u011fitim<\/title>\n<meta name=\"robots\" content=\"index, follow, max-snippet:-1, max-image-preview:large, max-video-preview:-1\" \/>\n<link rel=\"canonical\" href=\"https:\/\/chateauegitim.com\/fr\/saint-benoit-fransiz-lisesi-2019-2020-taban-puani-kontenjan-bilgisi-ve-ogrenim-ucretleri-2\/\" \/>\n<meta property=\"og:locale\" content=\"fr_FR\" \/>\n<meta property=\"og:type\" content=\"article\" \/>\n<meta property=\"og:title\" content=\"Saint Benoit Frans\u0131z Lisesi 2019-2020 Taban Puan\u0131, Kontenjan Bilgisi ve \u00d6\u011frenim \u00dccretleri | Chateau E\u011fitim\" \/>\n<meta property=\"og:description\" content=\"Saint Benoit Frans\u0131z Lisesi; \u0130stanbul Bo\u011faz\u0131\u2019n\u0131n Rumeli yakas\u0131nda Karak\u00f6y Kemeralt\u0131 Caddesi \u00fczerinde 1783 tarihinde kurulmu\u015ftur. [&hellip;]\" \/>\n<meta property=\"og:url\" content=\"https:\/\/chateauegitim.com\/fr\/saint-benoit-fransiz-lisesi-2019-2020-taban-puani-kontenjan-bilgisi-ve-ogrenim-ucretleri-2\/\" \/>\n<meta property=\"og:site_name\" content=\"Chateau E\u011fitim\" \/>\n<meta property=\"article:published_time\" content=\"2021-07-08T11:50:44+00:00\" \/>\n<meta name=\"twitter:card\" content=\"summary_large_image\" \/>\n<meta name=\"twitter:label1\" content=\"Dur\u00e9e de lecture est.\">\n\t<meta name=\"twitter:data1\" content=\"1 minute\">\n<script type=\"application\/ld+json\" class=\"yoast-schema-graph\">{\"@context\":\"https:\/\/schema.org\",\"@graph\":[{\"@type\":\"WebSite\",\"@id\":\"https:\/\/chateauegitim.com\/fr\/#website\",\"url\":\"https:\/\/chateauegitim.com\/fr\/\",\"name\":\"Chateau E\\u011fitim\",\"description\":\"\\u0130novatif E\\u011fitim\",\"potentialAction\":[{\"@type\":\"SearchAction\",\"target\":\"https:\/\/chateauegitim.com\/fr\/?s={search_term_string}\",\"query-input\":\"required name=search_term_string\"}],\"inLanguage\":\"fr-FR\"},{\"@type\":\"WebPage\",\"@id\":\"https:\/\/chateauegitim.com\/fr\/saint-benoit-fransiz-lisesi-2019-2020-taban-puani-kontenjan-bilgisi-ve-ogrenim-ucretleri-2\/#webpage\",\"url\":\"https:\/\/chateauegitim.com\/fr\/saint-benoit-fransiz-lisesi-2019-2020-taban-puani-kontenjan-bilgisi-ve-ogrenim-ucretleri-2\/\",\"name\":\"Saint Benoit Frans\\u0131z Lisesi 2019-2020 Taban Puan\\u0131, Kontenjan Bilgisi ve \\u00d6\\u011frenim \\u00dccretleri | Chateau E\\u011fitim\",\"isPartOf\":{\"@id\":\"https:\/\/chateauegitim.com\/fr\/#website\"},\"datePublished\":\"2021-07-08T11:50:44+00:00\",\"dateModified\":\"2021-07-08T11:50:44+00:00\",\"author\":{\"@id\":\"https:\/\/chateauegitim.com\/fr\/#\/schema\/person\/8214ff8b2a4af86a956561894edb0134\"},\"inLanguage\":\"fr-FR\",\"potentialAction\":[{\"@type\":\"ReadAction\",\"target\":[\"https:\/\/chateauegitim.com\/fr\/saint-benoit-fransiz-lisesi-2019-2020-taban-puani-kontenjan-bilgisi-ve-ogrenim-ucretleri-2\/\"]}]},{\"@type\":\"Person\",\"@id\":\"https:\/\/chateauegitim.com\/fr\/#\/schema\/person\/8214ff8b2a4af86a956561894edb0134\",\"name\":\"Ch\\u00e2teau\",\"image\":{\"@type\":\"ImageObject\",\"@id\":\"https:\/\/chateauegitim.com\/fr\/#personlogo\",\"inLanguage\":\"fr-FR\",\"url\":\"https:\/\/secure.gravatar.com\/avatar\/0ed7f27bd147b1788af247e6e9ce13945a7014bc57308fd51dbd55ff171edd8b?s=96&d=mm&r=g\",\"caption\":\"Ch\\u00e2teau\"}}]}<\/script>\n<!-- \/ Yoast SEO plugin. -->","_links":{"self":[{"href":"https:\/\/chateauegitim.com\/fr\/wp-json\/wp\/v2\/posts\/8848","targetHints":{"allow":["GET"]}}],"collection":[{"href":"https:\/\/chateauegitim.com\/fr\/wp-json\/wp\/v2\/posts"}],"about":[{"href":"https:\/\/chateauegitim.com\/fr\/wp-json\/wp\/v2\/types\/post"}],"author":[{"embeddable":true,"href":"https:\/\/chateauegitim.com\/fr\/wp-json\/wp\/v2\/users\/1"}],"replies":[{"embeddable":true,"href":"https:\/\/chateauegitim.com\/fr\/wp-json\/wp\/v2\/comments?post=8848"}],"version-history":[{"count":1,"href":"https:\/\/chateauegitim.com\/fr\/wp-json\/wp\/v2\/posts\/8848\/revisions"}],"predecessor-version":[{"id":8849,"href":"https:\/\/chateauegitim.com\/fr\/wp-json\/wp\/v2\/posts\/8848\/revisions\/8849"}],"wp:attachment":[{"href":"https:\/\/chateauegitim.com\/fr\/wp-json\/wp\/v2\/media?parent=8848"}],"wp:term":[{"taxonomy":"category","embeddable":true,"href":"https:\/\/chateauegitim.com\/fr\/wp-json\/wp\/v2\/categories?post=8848"},{"taxonomy":"post_tag","embeddable":true,"href":"https:\/\/chateauegitim.com\/fr\/wp-json\/wp\/v2\/tags?post=8848"}],"curies":[{"name":"wp","href":"https:\/\/api.w.org\/{rel}","templated":true}]}}